{"id":1,"date":"2024-02-05T12:38:43","date_gmt":"2024-02-05T11:38:43","guid":{"rendered":"http:\/\/divesterram.fr\/?p=1"},"modified":"2026-02-03T15:41:00","modified_gmt":"2026-02-03T14:41:00","slug":"composteurs-de-haute-qualite","status":"publish","type":"post","link":"https:\/\/divesterram.fr\/index.php\/2024\/02\/05\/composteurs-de-haute-qualite\/","title":{"rendered":"Depuis 2014, Divesterram vous livre ses composteurs de haute qualit\u00e9."},"content":{"rendered":"\n<h2 class=\"wp-block-heading has-text-color has-medium-font-size\" style=\"color:#4d9119\">Divesterram est avec vous pour cr\u00e9er de la terre f\u00e9conde.<\/h2>\n\n\n\n<blockquote class=\"wp-block-quote is-layout-flow wp-block-quote-is-layout-flow\">\n<p>Nous voil\u00e0 en 2026, c&rsquo;est le moment de vous souhaiter le meilleur!<\/p>\n\n\n\n<p>Que vous puissiez \u00e9voluer dans la s\u00e9r\u00e9nit\u00e9 et l&rsquo;harmonie. <\/p>\n\n\n\n<p>Nous sommes \u00e0 vos c\u00f4t\u00e9s pour vous simplifier la t\u00e2che du compostage et aller de l&rsquo;avent! <\/p>\n<\/blockquote>\n\n\n\n<h2 class=\"wp-block-heading\">2025-2026, c&rsquo;est aussi La fusion de la scierie Viala avec Emmanuel Cometto (Divesterram)<\/h2>\n\n\n\n<p>Une qualit\u00e9 augment\u00e9e en tout points sans augmentation des tarifs. C&rsquo;est gr\u00e2ce \u00e0 l&rsquo;atelier qui est transf\u00e9r\u00e9 sur le Larzac, directement sur le lieu de pr\u00e9l\u00e8vement du bois, \u00e0 la scierie de Laurent.<\/p>\n\n\n\n<p>Un stock permanent, in\u00e9puisable en tout, permettant de fournir ce que vous voulez quand vous voulez, toujours \u00ab\u00a0made in local et made in France\u00a0\u00bb. C&rsquo;est les liens que nous avons pu avoir avec les meilleures entreprises Fran\u00e7aise, en direct, avec m\u00eame la qualit\u00e9 de revendeur agr\u00e9\u00e9 (Tescon, Invis, Eurotech,..)<\/p>\n\n\n\n<p>Des moyens techniques reconcentr\u00e9s pour la coh\u00e9rence avec une \u00e9quipe de 12 sp\u00e9cialistes du bois et du compostage: ma\u00eetres du bois, de la foret aux planches des composteurs puis \u00e0 la r\u00e9alisation des mod\u00e8les \u00e0 jour, pr\u00eat pour servir sur tout type de terrain.<\/p>\n\n\n\n<p>Divesterram a \u00e9t\u00e9 fond\u00e9 par Emmanuel Cometto en 2014 pour cr\u00e9er les composteurs du site pilote du Syndicat Centre H\u00e9rault.<\/p>\n\n\n\n<div class=\"wp-block-group\"><div class=\"wp-block-group__inner-container is-layout-flow wp-block-group-is-layout-flow\">\n<p>Le premier mod\u00e8le a \u00e9t\u00e9 imagin\u00e9 par Marie Thomann, Ma\u00eetre composteur, et c&rsquo;est \u00e0 trois (avec Pierre Maris du Syndicat Centre H\u00e9rault) que  nous avons fait \u00e9voluer le plan sur 4 ans, pour trouver enfin le mod\u00e8le qui peut r\u00e9sister \u00e0 tous les al\u00e9as. <\/p>\n\n\n\n<p>Aujourd&rsquo;hui, l&rsquo;entreprise artisanale (dont je suis l&rsquo;ouvrier principal) \u00e0 pu fournir environ 400 sites de compostage partag\u00e9 en 10 ans.                                               Install\u00e9s principalement en Occitanie, les mod\u00e8les compl\u00e8tement aboutis depuis 2018, me procurent une s\u00e9r\u00e9nit\u00e9 en mati\u00e8re de garantie!  <em>\u00ab\u00a0J&rsquo;ai reviss\u00e9 une seule planche sur un site depuis 2018\u00a0\u00bb.<\/em><\/p>\n\n\n\n<p> Je suis fier de r\u00e9ussir \u00e0 fonctionner d&rsquo;une mani\u00e8re totalement autonome, sans subvention ni emprunt.                                                                                                                     Cette s\u00e9r\u00e9nit\u00e9 me permet d&rsquo;\u00eatre pleinement \u00e0 votre service.<\/p>\n\n\n\n<h2 class=\"wp-block-heading\">Le fonctionnement:<\/h2>\n\n\n\n<p>Lors du premier contact, je vais vous proposer de me raconter votre projet,  dans le but de vous apporter l&rsquo;\u00e9quipement id\u00e9al et m\u00eame extensible ou modelable. Au besoin, je vous mettrais en r\u00e9seau avec les collectivit\u00e9s ou organismes qui peuvent vous aider.<\/p>\n\n\n\n<p>J&rsquo;ai \u00e0 c\u0153ur de vous accompagner dans vos objectifs  de PGPROX afin de rendre la t\u00e2che plus facile.<\/p>\n\n\n\n<p>Admirateur de la vie et passionn\u00e9 du comportement du sol, je me sens missionn\u00e9 pour mettre toute mes comp\u00e9tences \u00e0 disposition de l&rsquo;\u00e9cologie authentique. <\/p>\n\n\n\n<p>Chaque point technique a \u00e9t\u00e9 soigneusement \u00e9tudi\u00e9 et adapt\u00e9 pour vous assurer un fonctionnement parfait pendant 10 ans et plus. Tous les mod\u00e8les que nous proposons sont haut de gamme, \u00e9prouv\u00e9s, valid\u00e9s et recommand\u00e9s par tous nos clients. Contactez nous pour en savoir plus!<\/p>\n\n\n\n<p><mark style=\"background-color:rgba(0, 0, 0, 0)\" class=\"has-inline-color has-medium-brown-color\"><em>T<i>ous nos mod\u00e8les sont d\u00e9pos\u00e9s, leur reproduction est interdite.<\/i><\/em><\/mark><\/p>\n\n\n\n<figure class=\"wp-block-image size-full is-resized is-style-rounded\"><img loading=\"lazy\" decoding=\"async\" width=\"405\" height=\"462\" src=\"https:\/\/divesterram.fr\/wp-content\/uploads\/2023\/10\/rcc_logos-rcc-membre-1926.jpg\" alt=\"Membre du RCCO\" class=\"wp-image-363603\" style=\"aspect-ratio:3\/2;object-fit:cover;width:198px;height:auto\" title=\"Membre du RCCO\" srcset=\"https:\/\/divesterram.fr\/wp-content\/uploads\/2023\/10\/rcc_logos-rcc-membre-1926.jpg 405w, https:\/\/divesterram.fr\/wp-content\/uploads\/2023\/10\/rcc_logos-rcc-membre-1926-263x300.jpg 263w\" sizes=\"auto, (max-width: 405px) 85vw, 405px\" \/><\/figure>\n\n\n\n<figure class=\"wp-block-gallery has-nested-images columns-default is-cropped wp-block-gallery-1 is-layout-flex wp-block-gallery-is-layout-flex\">\n<figure class=\"wp-block-image size-large\"><a href=\"https:\/\/divesterram.fr\/wp-content\/uploads\/2020\/12\/022-Divesterram-image-protegee-1.jpg\" target=\"_blank\" rel=\"noopener\"><img loading=\"lazy\" decoding=\"async\" width=\"601\" height=\"489\" data-id=\"25227\" src=\"https:\/\/divesterram.fr\/wp-content\/uploads\/2020\/12\/022-Divesterram-image-protegee-1.jpg\" alt=\"composteurs partag\u00e9s\" class=\"wp-image-25227\" srcset=\"https:\/\/divesterram.fr\/wp-content\/uploads\/2020\/12\/022-Divesterram-image-protegee-1.jpg 601w, https:\/\/divesterram.fr\/wp-content\/uploads\/2020\/12\/022-Divesterram-image-protegee-1-300x244.jpg 300w\" sizes=\"auto, (max-width: 709px) 85vw, (max-width: 909px) 67vw, (max-width: 984px) 61vw, (max-width: 1362px) 45vw, 600px\" \/><\/a><\/figure>\n\n\n\n<figure class=\"wp-block-image size-large\"><a href=\"https:\/\/divesterram.fr\/wp-content\/uploads\/2020\/12\/035-Divesterram-image-protegee-1.jpg\" target=\"_blank\" rel=\"noopener\"><img loading=\"lazy\" decoding=\"async\" width=\"800\" height=\"600\" data-id=\"25229\" src=\"https:\/\/divesterram.fr\/wp-content\/uploads\/2020\/12\/035-Divesterram-image-protegee-1.jpg\" alt=\"\" class=\"wp-image-25229\" srcset=\"https:\/\/divesterram.fr\/wp-content\/uploads\/2020\/12\/035-Divesterram-image-protegee-1.jpg 800w, https:\/\/divesterram.fr\/wp-content\/uploads\/2020\/12\/035-Divesterram-image-protegee-1-300x225.jpg 300w, https:\/\/divesterram.fr\/wp-content\/uploads\/2020\/12\/035-Divesterram-image-protegee-1-768x576.jpg 768w\" sizes=\"auto, (max-width: 709px) 85vw, (max-width: 909px) 67vw, (max-width: 984px) 61vw, (max-width: 1362px) 45vw, 600px\" \/><\/a><\/figure>\n\n\n\n<figure class=\"wp-block-image size-large\"><a href=\"https:\/\/divesterram.fr\/wp-content\/uploads\/2020\/12\/036-Divesterram-image-protegee-1.jpg\" target=\"_blank\" rel=\"noopener\"><img loading=\"lazy\" decoding=\"async\" width=\"800\" height=\"600\" data-id=\"25230\" src=\"https:\/\/divesterram.fr\/wp-content\/uploads\/2020\/12\/036-Divesterram-image-protegee-1.jpg\" alt=\"composteurs partag\u00e9s en bas d'immeubles\" class=\"wp-image-25230\" srcset=\"https:\/\/divesterram.fr\/wp-content\/uploads\/2020\/12\/036-Divesterram-image-protegee-1.jpg 800w, https:\/\/divesterram.fr\/wp-content\/uploads\/2020\/12\/036-Divesterram-image-protegee-1-300x225.jpg 300w, https:\/\/divesterram.fr\/wp-content\/uploads\/2020\/12\/036-Divesterram-image-protegee-1-768x576.jpg 768w\" sizes=\"auto, (max-width: 709px) 85vw, (max-width: 909px) 67vw, (max-width: 984px) 61vw, (max-width: 1362px) 45vw, 600px\" \/><\/a><\/figure>\n<\/figure>\n<\/div><\/div>\n\n\n\n<h3 class=\"wp-block-heading\">Nous vous proposons:<\/h3>\n\n\n\n<ul class=\"wp-block-list has-bright-blue-color has-text-color\">\n<li class=\"has-dark-gray-color has-text-color has-link-color wp-elements-150f17c48abc67172b9eac30554e8a0c\" style=\"font-size:15px\"><mark style=\"background-color:rgba(0, 0, 0, 0)\" class=\"has-inline-color has-bright-blue-color\"><strong>Des aires de compostage partag\u00e9<\/strong><\/mark><em><mark style=\"background-color:rgba(0, 0, 0, 0)\" class=\"has-inline-color has-bright-blue-color\"> pour les quartiers de ville et village<\/mark>                               en 600 et 800litres, <strong>bloc de 3 <\/strong>pour l&rsquo;\u00e9conomie du bois + <strong>bloc individuel<\/strong> pour compl\u00e9ter.<\/em><\/li>\n\n\n\n<li class=\"has-dark-gray-color has-text-color has-link-color wp-elements-6316cc42e3b429838fa4ddd5f172fb5f\" style=\"font-size:15px\"><mark style=\"background-color:rgba(0, 0, 0, 0)\" class=\"has-inline-color has-bright-blue-color\"><strong>Des aires de compostage de grande capacit\u00e9<\/strong> <\/mark><em><mark style=\"background-color:rgba(0, 0, 0, 0)\" class=\"has-inline-color has-bright-blue-color\">(Pavillons de compostage)pour institutions et priv\u00e9s. <\/mark>\u00e0 partir de 1200 litres.<\/em><\/li>\n\n\n\n<li class=\"has-dark-gray-color has-text-color has-link-color wp-elements-7d2aa6e5522eae83aedc9a04674bdaee\" style=\"font-size:15px\"><mark style=\"background-color:rgba(0, 0, 0, 0)\" class=\"has-inline-color has-bright-blue-color\"><strong>Des accessoires et d\u00e8s ce mois de septembre, des kits p\u00e9dagogiques, un plan Open source de composteur type<\/strong> <em>pour en faire vous m\u00eame et des<\/em> <strong>mini composteurs<\/strong> <em>pour les enfants de maternelle.<\/em><\/mark><\/li>\n\n\n\n<li style=\"font-size:15px\"><strong><mark style=\"background-color:rgba(0, 0, 0, 0)\" class=\"has-inline-color has-bright-blue-color\">Des conseils<\/mark> personnalis\u00e9s<\/strong> <em>et de l&rsquo;<\/em><strong>accompagnement par t\u00e9l\u00e9phone<\/strong> <em>pour vous aider au d\u00e9ploiement, et de<\/em> <strong>la mise en r\u00e9seau<\/strong> <em>avec tous mes partenaires d&rsquo;Occitanie et au del\u00e0s.<\/em><\/li>\n<\/ul>\n\n\n\n<p><em>Le concept de fabrication est simple et tr\u00e8s efficace. L&rsquo;utilisation du bois douglas (issu uniquement de for\u00eats g\u00e9r\u00e9es en Aveyron) n&rsquo; a pas besoin de traitement chimique pour durer plus de 10 ans sans d\u00e9t\u00e9rioration. La quincaillerie en inox est d\u00e9finitivement op\u00e9rationnelle.                                                                                                      Le fonctionnement du meuble a \u00e9t\u00e9 organis\u00e9 en concertation avec les professionnels du compostage et s&rsquo;en trouve parfaitement adapt\u00e9 aux situations. La forme des composteurs favorisent un compostage plus rapide et sans nuisances.<\/em><\/p>\n\n\n\n<div class=\"wp-block-group\"><div class=\"wp-block-group__inner-container is-layout-constrained wp-block-group-is-layout-constrained\">\n<p class=\"has-dark-gray-color has-light-blue-background-color has-text-color has-background has-small-font-size\"><strong>Gr\u00e2ce \u00e0 la technicit\u00e9 du meuble<\/strong>, le temps de <strong>compostage<\/strong> sur une aire partag\u00e9e est en moyenne de <strong>6 \u00e0 10 semaines<\/strong>:                                                                                                                            3 semaines de remplissage du bac d&rsquo;apport + 3 semaines en bac de maturation +                  2 semaines de maturation \u00ab\u00a0finale\u00a0\u00bb en tas hors composteur.<\/p>\n<\/div><\/div>\n\n\n\n<h3 class=\"wp-block-heading\">Voil\u00e0 un pavillon install\u00e9 en camping<\/h3>\n\n\n\n<figure class=\"wp-block-gallery has-nested-images columns-default is-cropped wp-block-gallery-2 is-layout-flex wp-block-gallery-is-layout-flex\">\n<figure class=\"wp-block-image size-large\"><a href=\"https:\/\/divesterram.fr\/wp-content\/uploads\/2022\/04\/IMG_20220405_160003-scaled.jpg\" target=\"_blank\" rel=\"noopener\"><img loading=\"lazy\" decoding=\"async\" width=\"1024\" height=\"768\" data-id=\"118634\" src=\"https:\/\/divesterram.fr\/wp-content\/uploads\/2022\/04\/IMG_20220405_160003-1024x768.jpg\" alt=\"Pavillon de compostage dans l'H\u00e9rault\" class=\"wp-image-118634\" srcset=\"https:\/\/divesterram.fr\/wp-content\/uploads\/2022\/04\/IMG_20220405_160003-1024x768.jpg 1024w, https:\/\/divesterram.fr\/wp-content\/uploads\/2022\/04\/IMG_20220405_160003-300x225.jpg 300w, https:\/\/divesterram.fr\/wp-content\/uploads\/2022\/04\/IMG_20220405_160003-768x576.jpg 768w, https:\/\/divesterram.fr\/wp-content\/uploads\/2022\/04\/IMG_20220405_160003-1536x1152.jpg 1536w, https:\/\/divesterram.fr\/wp-content\/uploads\/2022\/04\/IMG_20220405_160003-2048x1536.jpg 2048w, https:\/\/divesterram.fr\/wp-content\/uploads\/2022\/04\/IMG_20220405_160003-1200x900.jpg 1200w\" sizes=\"auto, (max-width: 709px) 85vw, (max-width: 909px) 67vw, (max-width: 1362px) 62vw, 840px\" \/><\/a><\/figure>\n\n\n\n<figure class=\"wp-block-image size-large\"><a href=\"https:\/\/divesterram.fr\/wp-content\/uploads\/2022\/04\/IMG_20220405_160029-scaled.jpg\" target=\"_blank\" rel=\"noopener\"><img loading=\"lazy\" decoding=\"async\" width=\"1024\" height=\"768\" data-id=\"118635\" src=\"https:\/\/divesterram.fr\/wp-content\/uploads\/2022\/04\/IMG_20220405_160029-1024x768.jpg\" alt=\"Pavillon de compostage en camping\" class=\"wp-image-118635\" srcset=\"https:\/\/divesterram.fr\/wp-content\/uploads\/2022\/04\/IMG_20220405_160029-1024x768.jpg 1024w, https:\/\/divesterram.fr\/wp-content\/uploads\/2022\/04\/IMG_20220405_160029-300x225.jpg 300w, https:\/\/divesterram.fr\/wp-content\/uploads\/2022\/04\/IMG_20220405_160029-768x576.jpg 768w, https:\/\/divesterram.fr\/wp-content\/uploads\/2022\/04\/IMG_20220405_160029-1536x1152.jpg 1536w, https:\/\/divesterram.fr\/wp-content\/uploads\/2022\/04\/IMG_20220405_160029-2048x1536.jpg 2048w, https:\/\/divesterram.fr\/wp-content\/uploads\/2022\/04\/IMG_20220405_160029-1200x900.jpg 1200w\" sizes=\"auto, (max-width: 709px) 85vw, (max-width: 909px) 67vw, (max-width: 1362px) 62vw, 840px\" \/><\/a><\/figure>\n\n\n\n<figure class=\"wp-block-image size-large\"><a href=\"https:\/\/divesterram.fr\/wp-content\/uploads\/2022\/04\/IMG_20220405_160041-scaled.jpg\" target=\"_blank\" rel=\"noopener\"><img loading=\"lazy\" decoding=\"async\" width=\"1024\" height=\"767\" data-id=\"118636\" src=\"https:\/\/divesterram.fr\/wp-content\/uploads\/2022\/04\/IMG_20220405_160041-1024x767.jpg\" alt=\"Pavillon de compostage au camping de La Tamarissi\u00e8re\" class=\"wp-image-118636\" srcset=\"https:\/\/divesterram.fr\/wp-content\/uploads\/2022\/04\/IMG_20220405_160041-1024x767.jpg 1024w, https:\/\/divesterram.fr\/wp-content\/uploads\/2022\/04\/IMG_20220405_160041-300x225.jpg 300w, https:\/\/divesterram.fr\/wp-content\/uploads\/2022\/04\/IMG_20220405_160041-768x576.jpg 768w, https:\/\/divesterram.fr\/wp-content\/uploads\/2022\/04\/IMG_20220405_160041-1536x1151.jpg 1536w, https:\/\/divesterram.fr\/wp-content\/uploads\/2022\/04\/IMG_20220405_160041-2048x1535.jpg 2048w, https:\/\/divesterram.fr\/wp-content\/uploads\/2022\/04\/IMG_20220405_160041-1200x899.jpg 1200w\" sizes=\"auto, (max-width: 709px) 85vw, (max-width: 909px) 67vw, (max-width: 1362px) 62vw, 840px\" \/><\/a><\/figure>\n<\/figure>\n\n\n\n<p><\/p>\n\n\n\n<h2 class=\"wp-block-heading has-text-color has-medium-font-size\" style=\"color:#4a930e\">Nos composteurs en vedette dans la presse: A lire ici!<\/h2>\n\n\n\n<p><a href=\"https:\/\/www.millavois.com\/2024\/05\/15\/millau-devient-la-vitrine-aveyronnaise-du-compostage\">https:\/\/www.millavois.com\/2024\/05\/15\/millau-devient-la-vitrine-aveyronnaise-du-compostage<\/a><\/p>\n\n\n\n<p><a href=\"https:\/\/www.herault-tribune.com\/articles\/agde-installation-dun-composteur-a-la-tamarissiere\/\" target=\"_blank\" rel=\"noreferrer noopener\">https:\/\/www.herault-tribune.com\/articles\/agde-installation-dun-composteur-a-la-tamarissiere\/<\/a><\/p>\n\n\n\n<p><a href=\"https:\/\/lacagette-coop.fr\/?IlEstArriveLeMegaComposteurDuParcCl2\">https:\/\/lacagette-coop.fr\/?IlEstArriveLeMegaComposteurDuParcCl2<\/a><\/p>\n\n\n\n<p><a href=\"https:\/\/www.paysdelunel.fr\/wp-content\/uploads\/2021\/11\/CP-pavilloncompostage.pdf\">https:\/\/www.paysdelunel.fr\/wp-content\/uploads\/2021\/11\/CP-pavilloncompostage.pdf<\/a><\/p>\n\n\n\n<p><a href=\"https:\/\/occitanie.reseaucompost.fr\/articles\/lecture:fabrication-de-materiel-de-compostage-en-local-ndash-retours-d-rsquo-experiences-en-occitanie_200\">https:\/\/occitanie.reseaucompost.fr\/articles\/lecture:fabrication-de-materiel-de-compostage-en-local-ndash-retours-d-rsquo-experiences-en-occitanie<\/a><\/p>\n\n\n\n<p><a href=\"https:\/\/www.syndicat-centre-herault.org\/wp-content\/uploads\/2021\/02\/Magazine_Esprit_zero_dechet_web.pdf\">https:\/\/www.syndicat-centre-herault.org\/wp-content\/uploads\/2021\/02\/Magazine_Esprit_zero_dechet_web.pdf<\/a><\/p>\n\n\n\n<p><a href=\"https:\/\/www.midilibre.fr\/2021\/11\/26\/nouvelle-demarche-verte-au-lycee-victor-hugo-de-lunel-avec-un-nouveau-site-de-compostage-9951552.php\">https:\/\/www.midilibre.fr\/2021\/11\/26\/nouvelle-demarche-verte-au-lycee-victor-hugo-de-lunel-avec-un-nouveau-site-de-compostage-9951552.php<\/a><\/p>\n\n\n\n<p><a href=\"https:\/\/www.info-flash.com\/info-flash\/actualites\/france\/occitanie\/gard\/11273-saint-laurent-d-aigouze\/21664305-information.html\">https:\/\/www.info-flash.com\/info-flash\/actualites\/france\/occitanie\/gard\/11273-saint-laurent-d-aigouze\/21664305-information.html<\/a><\/p>\n\n\n\n<figure class=\"wp-block-image size-large\"><a href=\"https:\/\/divesterram.fr\/wp-content\/uploads\/2020\/01\/Annotation-2020-01-27-190900.jpg\"><img loading=\"lazy\" decoding=\"async\" width=\"621\" height=\"389\" src=\"https:\/\/divesterram.fr\/wp-content\/uploads\/2020\/01\/Annotation-2020-01-27-190900.jpg\" alt=\"Douglas en for\u00eat\" class=\"wp-image-302\" srcset=\"https:\/\/divesterram.fr\/wp-content\/uploads\/2020\/01\/Annotation-2020-01-27-190900.jpg 621w, https:\/\/divesterram.fr\/wp-content\/uploads\/2020\/01\/Annotation-2020-01-27-190900-300x188.jpg 300w\" sizes=\"auto, (max-width: 709px) 85vw, (max-width: 909px) 67vw, (max-width: 984px) 61vw, (max-width: 1362px) 45vw, 600px\" \/><\/a><figcaption class=\"wp-element-caption\">Le Douglas, notre bois de fabrication, N\u00e9 en Aveyron!<\/figcaption><\/figure>\n\n\n\n<figure class=\"wp-block-image size-full\"><img loading=\"lazy\" decoding=\"async\" width=\"800\" height=\"330\" src=\"https:\/\/divesterram.fr\/wp-content\/uploads\/2023\/10\/rcc_logo-rcco-1645.jpg\" alt=\"Logo du R\u00e9seau Compost Citoyen Occitan\" class=\"wp-image-363604\" srcset=\"https:\/\/divesterram.fr\/wp-content\/uploads\/2023\/10\/rcc_logo-rcco-1645.jpg 800w, https:\/\/divesterram.fr\/wp-content\/uploads\/2023\/10\/rcc_logo-rcco-1645-300x124.jpg 300w, https:\/\/divesterram.fr\/wp-content\/uploads\/2023\/10\/rcc_logo-rcco-1645-768x317.jpg 768w\" sizes=\"auto, (max-width: 709px) 85vw, (max-width: 909px) 67vw, (max-width: 984px) 61vw, (max-width: 1362px) 45vw, 600px\" \/><\/figure>\n","protected":false},"excerpt":{"rendered":"<p>Divesterram est avec vous pour cr\u00e9er de la terre f\u00e9conde. Nous voil\u00e0 en 2026, c&rsquo;est le moment de vous souhaiter le meilleur! Que vous puissiez \u00e9voluer dans la s\u00e9r\u00e9nit\u00e9 et l&rsquo;harmonie. Nous sommes \u00e0 vos c\u00f4t\u00e9s pour vous simplifier la t\u00e2che du compostage et aller de l&rsquo;avent! 2025-2026, c&rsquo;est aussi La fusion de la scierie &hellip; <a href=\"https:\/\/divesterram.fr\/index.php\/2024\/02\/05\/composteurs-de-haute-qualite\/\" class=\"more-link\">Continuer la lecture<span class=\"screen-reader-text\"> de &laquo;&nbsp;Depuis 2014, Divesterram vous livre ses composteurs de haute qualit\u00e9.&nbsp;&raquo;<\/span><\/a><\/p>\n","protected":false},"author":1,"featured_media":0,"comment_status":"open","ping_status":"open","sticky":false,"template":"","format":"standard","meta":{"om_disable_all_campaigns":false,"_monsterinsights_skip_tracking":false,"_monsterinsights_sitenote_active":false,"_monsterinsights_sitenote_note":"","_monsterinsights_sitenote_category":0,"footnotes":""},"categories":[1],"tags":[],"class_list":["post-1","post","type-post","status-publish","format-standard","hentry","category-non-classe"],"aioseo_notices":[],"_links":{"self":[{"href":"https:\/\/divesterram.fr\/index.php\/wp-json\/wp\/v2\/posts\/1","targetHints":{"allow":["GET"]}}],"collection":[{"href":"https:\/\/divesterram.fr\/index.php\/wp-json\/wp\/v2\/posts"}],"about":[{"href":"https:\/\/divesterram.fr\/index.php\/wp-json\/wp\/v2\/types\/post"}],"author":[{"embeddable":true,"href":"https:\/\/divesterram.fr\/index.php\/wp-json\/wp\/v2\/users\/1"}],"replies":[{"embeddable":true,"href":"https:\/\/divesterram.fr\/index.php\/wp-json\/wp\/v2\/comments?post=1"}],"version-history":[{"count":97,"href":"https:\/\/divesterram.fr\/index.php\/wp-json\/wp\/v2\/posts\/1\/revisions"}],"predecessor-version":[{"id":586755,"href":"https:\/\/divesterram.fr\/index.php\/wp-json\/wp\/v2\/posts\/1\/revisions\/586755"}],"wp:attachment":[{"href":"https:\/\/divesterram.fr\/index.php\/wp-json\/wp\/v2\/media?parent=1"}],"wp:term":[{"taxonomy":"category","embeddable":true,"href":"https:\/\/divesterram.fr\/index.php\/wp-json\/wp\/v2\/categories?post=1"},{"taxonomy":"post_tag","embeddable":true,"href":"https:\/\/divesterram.fr\/index.php\/wp-json\/wp\/v2\/tags?post=1"}],"curies":[{"name":"wp","href":"https:\/\/api.w.org\/{rel}","templated":true}]}}